{"id":6420,"date":"2025-07-15T13:18:35","date_gmt":"2025-07-15T11:18:35","guid":{"rendered":"https:\/\/www.adclofent.com\/?p=6420"},"modified":"2025-07-15T13:18:38","modified_gmt":"2025-07-15T11:18:38","slug":"ispo-world-congress-2025","status":"publish","type":"post","link":"https:\/\/www.adclofent.com\/ca\/ispo-world-congress-2025\/","title":{"rendered":"Artesana de Clofent al ISPO World Congress 2025: Teixits t\u00e8cnics per a la mobilitat"},"content":{"rendered":"\n<p>Del 16 al 19 de juny, <strong>Artesana de Clofent<\/strong> va participar com a expositor a <a href=\"https:\/\/www.ispo-congress.com\/en\/news\/3200-experts-from-over-100-countries-at-the-i-s-p-o-2025-world-congress-in-stockholm\">l\u2019<strong>ISPO World Congress 2025<\/strong><\/a>, celebrat a Estocolm. Aquest congr\u00e9s, organitzat per la Societat Internacional de Pr\u00f2tesis i Ortesi (ISPO), \u00e9s un esdeveniment de refer\u00e8ncia mundial per a professionals dedicats a la millora de la <strong>mobilitat<\/strong> i la <strong>rehabilitaci\u00f3<\/strong> a trav\u00e9s de solucions t\u00e8cniques i ortop\u00e8diques.<\/p>\n\n\n\n<h2 class=\"wp-block-heading\">Participaci\u00f3 destacada a l\u2019ISPO World Congress 2025<\/h2>\n\n\n\n<p>A difer\u00e8ncia d\u2019una fira comercial, l\u2019<strong>ISPO World Congress 2025<\/strong> \u00e9s un punt de trobada internacional que reuneix cada dos anys especialistes del sector cl\u00ednic, t\u00e8cnic i tecnol\u00f2gic. Per a nosaltres, ha estat una oportunitat clau per posicionar-nos com a referent en el desenvolupament de <strong>teixits t\u00e8cnics per a ortesis<\/strong> i refor\u00e7ar la nostra pres\u00e8ncia internacional.<\/p>\n\n\n\n<h2 class=\"wp-block-heading\">Teixits t\u00e8cnics per a ortesis: innovaci\u00f3 orientada a les persones<\/h2>\n\n\n\n<p>A Artesana de Clofent portem d\u00e8cades dissenyant <strong>teixits especialitzats per a aplicacions ortop\u00e8diques<\/strong>. Les nostres solucions t\u00e8xtils estan pensades per oferir resist\u00e8ncia, flexibilitat, transpirabilitat i confort, tot adaptant-se a les necessitats cl\u00edniques dels usuaris finals.<\/p>\n\n\n\n<p>Durant el congr\u00e9s, vam presentar les nostres refer\u00e8ncies t\u00e8cniques i vam establir di\u00e0leg directe amb fabricants, t\u00e8cnics i professionals del sector. L\u2019objectiu: mostrar com podem col\u00b7laborar aportant <strong>materials t\u00e8xtils d\u2019alt valor afegit per a ortesis i pr\u00f2tesis<\/strong>.<\/p>\n\n\n\n<h2 class=\"wp-block-heading\">Enfortint aliances en l&#8217;\u00e0mbit internacional<\/h2>\n\n\n\n<p>La participaci\u00f3 a Estocolm no nom\u00e9s ens ha perm\u00e8s presentar producte. Tamb\u00e9 ha estat un espai valu\u00f3s per reconnectar amb clients internacionals, explorar noves col\u00b7laboracions i escoltar de primera m\u00e0 les necessitats reals dels professionals de la salut i la mobilitat.<\/p>\n\n\n\n<p>Conversar amb especialistes cl\u00ednics ens ha ajudat a detectar tend\u00e8ncies i reafirmar el nostre comprom\u00eds amb el desenvolupament de <strong>teixits t\u00e8cnics que milloren la qualitat de vida<\/strong>.<\/p>\n\n\n\n<h2 class=\"wp-block-heading\">Projecci\u00f3 de futur despr\u00e9s de l\u2019ISPO 2025<\/h2>\n\n\n\n<p>Tornar de l\u2019<strong>ISPO World Congress 2025<\/strong> amb nous projectes i idees compartides ens impulsa a seguir innovant. Aquest congr\u00e9s ha estat una mostra clara que el t\u00e8xtil pot tenir un paper fonamental en sectors tan sensibles com l\u2019ortop\u00e8dic i el m\u00e8dic.<\/p>\n\n\n\n<p>Des de la nostra especialitzaci\u00f3, continuarem teixint solucions que travessen fronteres i contribueixen a una societat m\u00e9s inclusiva i funcional.<\/p>\n","protected":false},"excerpt":{"rendered":"<p>Del 16 al 19 de juny, Artesana de Clofent va participar com a expositor a l\u2019ISPO World Congress 2025, celebrat a Estocolm. Aquest congr\u00e9s, organitzat per la Societat Internacional de Pr\u00f2tesis i Ortesi (ISPO), \u00e9s un esdeveniment de refer\u00e8ncia mundial per a professionals dedicats a la millora de la mobilitat i la rehabilitaci\u00f3 a trav\u00e9s&#8230;<\/p>\n","protected":false},"author":2,"featured_media":6416,"comment_status":"closed","ping_status":"closed","sticky":false,"template":"","format":"standard","meta":{"_kad_blocks_custom_css":"","_kad_blocks_head_custom_js":"","_kad_blocks_body_custom_js":"","_kad_blocks_footer_custom_js":"","_kad_post_transparent":"","_kad_post_title":"","_kad_post_layout":"","_kad_post_sidebar_id":"","_kad_post_content_style":"","_kad_post_vertical_padding":"","_kad_post_feature":"","_kad_post_feature_position":"","_kad_post_header":false,"_kad_post_footer":false,"footnotes":""},"categories":[11],"tags":[],"class_list":["post-6420","post","type-post","status-publish","format-standard","has-post-thumbnail","hentry","category-noticies"],"acf":[],"taxonomy_info":{"category":[{"value":11,"label":"Noticies"}]},"featured_image_src_large":["https:\/\/www.adclofent.com\/wp-content\/uploads\/2025\/07\/Blog-Juliol.png",480,270,false],"author_info":{"display_name":"Artesana de Clofent","author_link":"https:\/\/www.adclofent.com\/ca\/author\/imma\/"},"comment_info":0,"category_info":[{"term_id":11,"name":"Noticies","slug":"noticies","term_group":0,"term_taxonomy_id":11,"taxonomy":"category","description":"","parent":0,"count":50,"filter":"raw","cat_ID":11,"category_count":50,"category_description":"","cat_name":"Noticies","category_nicename":"noticies","category_parent":0}],"tag_info":false,"_links":{"self":[{"href":"https:\/\/www.adclofent.com\/ca\/wp-json\/wp\/v2\/posts\/6420","targetHints":{"allow":["GET"]}}],"collection":[{"href":"https:\/\/www.adclofent.com\/ca\/wp-json\/wp\/v2\/posts"}],"about":[{"href":"https:\/\/www.adclofent.com\/ca\/wp-json\/wp\/v2\/types\/post"}],"author":[{"embeddable":true,"href":"https:\/\/www.adclofent.com\/ca\/wp-json\/wp\/v2\/users\/2"}],"replies":[{"embeddable":true,"href":"https:\/\/www.adclofent.com\/ca\/wp-json\/wp\/v2\/comments?post=6420"}],"version-history":[{"count":1,"href":"https:\/\/www.adclofent.com\/ca\/wp-json\/wp\/v2\/posts\/6420\/revisions"}],"predecessor-version":[{"id":6421,"href":"https:\/\/www.adclofent.com\/ca\/wp-json\/wp\/v2\/posts\/6420\/revisions\/6421"}],"wp:featuredmedia":[{"embeddable":true,"href":"https:\/\/www.adclofent.com\/ca\/wp-json\/wp\/v2\/media\/6416"}],"wp:attachment":[{"href":"https:\/\/www.adclofent.com\/ca\/wp-json\/wp\/v2\/media?parent=6420"}],"wp:term":[{"taxonomy":"category","embeddable":true,"href":"https:\/\/www.adclofent.com\/ca\/wp-json\/wp\/v2\/categories?post=6420"},{"taxonomy":"post_tag","embeddable":true,"href":"https:\/\/www.adclofent.com\/ca\/wp-json\/wp\/v2\/tags?post=6420"}],"curies":[{"name":"wp","href":"https:\/\/api.w.org\/{rel}","templated":true}]}}