{"id":6396,"date":"2025-05-23T11:41:38","date_gmt":"2025-05-23T09:41:38","guid":{"rendered":"https:\/\/www.adclofent.com\/?p=6396"},"modified":"2025-05-23T11:41:39","modified_gmt":"2025-05-23T09:41:39","slug":"industria-textil-catalana-expansio-global","status":"publish","type":"post","link":"https:\/\/www.adclofent.com\/ca\/industria-textil-catalana-expansio-global\/","title":{"rendered":"Expansi\u00f3 global: com Artesana de Clofent S.A. porta l\u2019excel\u00b7l\u00e8ncia de la ind\u00fastria t\u00e8xtil catalana als mercats internacionals"},"content":{"rendered":"\n<p>Des de les nostres instal\u00b7lacions a <strong>Sant Vicen\u00e7 de Montalt<\/strong>, un petit municipi del Maresme, a <a href=\"https:\/\/www.adclofent.com\/ca\/historia-aretesana-clofent-teixits-tecnics\/\"><strong>Artesana de Clofent S.A. fa m\u00e9s de 70 anys<\/strong><\/a><strong> que formem part activa de la ind\u00fastria t\u00e8xtil catalana<\/strong>, dedicant-nos al disseny i a la fabricaci\u00f3 de <strong>teixits t\u00e8cnics d\u2019alta qualitat<\/strong>. El que va comen\u00e7ar com un projecte familiar ha evolucionat cap a una empresa amb visi\u00f3 internacional, que <strong>combina tradici\u00f3, innovaci\u00f3 i sostenibilitat<\/strong>. Avui dia, els nostres productes s\u00f3n presents en mercats europeus i m\u00e9s enll\u00e0, i <strong>continuem ampliant les nostres aliances globals<\/strong>.<\/p>\n\n\n\n<h2 class=\"wp-block-heading\">Teixits que travessen fronteres des de Catalunya<\/h2>\n\n\n\n<p>A AdC desenvolupem <a href=\"https:\/\/www.adclofent.com\/ca\/productes\/\"><strong>solucions t\u00e8xtils t\u00e8cniques<\/strong><\/a> pensades per oferir el m\u00e0xim rendiment en sectors especialitzats com ara <strong>l\u2019ortop\u00e8dia, la moda funcional, els equips de protecci\u00f3 individual (EPI)<\/strong> i l\u2019\u00e0mbit esportiu. Aquesta varietat, juntament amb la nostra capacitat d\u2019adaptaci\u00f3 t\u00e8cnica, ens ha perm\u00e8s <strong>col\u00b7laborar amb empreses d\u2019arreu del m\u00f3n<\/strong>.<\/p>\n\n\n\n<p><strong>Com a referent dins la ind\u00fastria t\u00e8xtil catalana, combinem coneixement t\u00e8cnic i capacitat d\u2019innovaci\u00f3.<\/strong> Actualment, col\u00b7laborem amb m\u00faltiples clients internacionals, desenvolupant teixits a mida que compleixen <strong>normatives espec\u00edfiques i alts est\u00e0ndards de qualitat<\/strong>. La nostra experi\u00e8ncia en processos personalitzats i la rapidesa de resposta ens posicionen com <strong>un soci fiable per a projectes t\u00e8cnics exigents<\/strong>.<\/p>\n\n\n\n<h2 class=\"wp-block-heading\">Adaptaci\u00f3, innovaci\u00f3 i sostenibilitat: els valors del teixit catal\u00e0<\/h2>\n\n\n\n<p>Un dels pilars fonamentals de la nostra projecci\u00f3 internacional \u00e9s <strong>la capacitat d\u2019adaptaci\u00f3<\/strong>. Sabem que cada mercat i client t\u00e9 necessitats concretes, tant a nivell t\u00e8cnic com normatiu. Per aix\u00f2, a AdC treballem amb una mentalitat flexible, <strong>col\u00b7laborant estretament en cada fase del proc\u00e9s per oferir solucions a mida<\/strong>, desenvolupades amb precisi\u00f3 i responsabilitat.<\/p>\n\n\n\n<p><strong>Tamb\u00e9 hem apostat fermament per una producci\u00f3 sostenible. <\/strong>Gr\u00e0cies a la instal\u00b7laci\u00f3 d\u2019un sistema fotovoltaic, m\u00e9s del 65% de l\u2019energia que consumim es genera a partir del sol. Aix\u00f2 no nom\u00e9s <strong>redueix l\u2019impacte ambiental<\/strong>, sin\u00f3 que ens permet treballar de manera m\u00e9s eficient i compromesa amb el planeta \u2014una caracter\u00edstica <strong>altament valorada a escala internacional.<\/strong><\/p>\n\n\n\n<h2 class=\"wp-block-heading\">Qualitat certificada, confian\u00e7a internacional<\/h2>\n\n\n\n<p>M\u00e9s enll\u00e0 del servei i la flexibilitat, <strong>la <\/strong><a href=\"https:\/\/www.adclofent.com\/ca\/clofent-corporation-qualitat-teixits-certificacions\/\"><strong>qualitat certificada<\/strong><\/a><strong> \u00e9s una garantia clau<\/strong> per als nostres clients internacionals. A AdC comptem amb certificacions com <strong>ISO 9001 i OEKO-TEX Standard 100<\/strong>, que asseguren que els nostres processos compleixen els <strong>est\u00e0ndards m\u00e9s alts de qualitat<\/strong> i que els nostres teixits s\u00f3n <strong>segurs i respectuosos amb les persones<\/strong>.<\/p>\n\n\n\n<p>Aquestes certificacions s\u00f3n imprescindibles per accedir a mercats exigents, per\u00f2 tamb\u00e9 <strong>reforcen la credibilitat de la ind\u00fastria t\u00e8xtil catalana<\/strong>, reconeguda per la seva <strong>tra\u00e7abilitat, comprom\u00eds i millora cont\u00ednua.<\/strong><\/p>\n\n\n\n<h2 class=\"wp-block-heading\">Una mirada cap al futur amb arrels a Catalunya<\/h2>\n\n\n\n<p>La internacionalitzaci\u00f3 ens ha perm\u00e8s <strong>cr\u00e9ixer, evolucionar i millorar les nostres solucions t\u00e8xtils<\/strong>. A Artesana de Clofent S.A. seguirem explorant noves oportunitats globals i <strong>apostant per la recerca i el desenvolupament de teixits t\u00e8cnics innovadors.<\/strong><\/p>\n\n\n\n<p><strong>Des de la ind\u00fastria t\u00e8xtil catalana, defensem que l\u2019experi\u00e8ncia, la sostenibilitat i la innovaci\u00f3 s\u00f3n la clau per cr\u00e9ixer amb solidesa dins i fora del territori.<\/strong><\/p>\n","protected":false},"excerpt":{"rendered":"<p>Des de les nostres instal\u00b7lacions a Sant Vicen\u00e7 de Montalt, un petit municipi del Maresme, a Artesana de Clofent S.A. fa m\u00e9s de 70 anys que formem part activa de la ind\u00fastria t\u00e8xtil catalana, dedicant-nos al disseny i a la fabricaci\u00f3 de teixits t\u00e8cnics d\u2019alta qualitat. El que va comen\u00e7ar com un projecte familiar ha&#8230;<\/p>\n","protected":false},"author":2,"featured_media":6391,"comment_status":"closed","ping_status":"closed","sticky":false,"template":"","format":"standard","meta":{"_kad_blocks_custom_css":"","_kad_blocks_head_custom_js":"","_kad_blocks_body_custom_js":"","_kad_blocks_footer_custom_js":"","_kad_post_transparent":"","_kad_post_title":"","_kad_post_layout":"","_kad_post_sidebar_id":"","_kad_post_content_style":"","_kad_post_vertical_padding":"","_kad_post_feature":"","_kad_post_feature_position":"","_kad_post_header":false,"_kad_post_footer":false,"footnotes":""},"categories":[11],"tags":[],"class_list":["post-6396","post","type-post","status-publish","format-standard","has-post-thumbnail","hentry","category-noticies"],"acf":[],"taxonomy_info":{"category":[{"value":11,"label":"Noticies"}]},"featured_image_src_large":["https:\/\/www.adclofent.com\/wp-content\/uploads\/2025\/05\/Blog-maig-1024x683.jpg",1024,683,true],"author_info":{"display_name":"Artesana de Clofent","author_link":"https:\/\/www.adclofent.com\/ca\/author\/imma\/"},"comment_info":0,"category_info":[{"term_id":11,"name":"Noticies","slug":"noticies","term_group":0,"term_taxonomy_id":11,"taxonomy":"category","description":"","parent":0,"count":50,"filter":"raw","cat_ID":11,"category_count":50,"category_description":"","cat_name":"Noticies","category_nicename":"noticies","category_parent":0}],"tag_info":false,"_links":{"self":[{"href":"https:\/\/www.adclofent.com\/ca\/wp-json\/wp\/v2\/posts\/6396","targetHints":{"allow":["GET"]}}],"collection":[{"href":"https:\/\/www.adclofent.com\/ca\/wp-json\/wp\/v2\/posts"}],"about":[{"href":"https:\/\/www.adclofent.com\/ca\/wp-json\/wp\/v2\/types\/post"}],"author":[{"embeddable":true,"href":"https:\/\/www.adclofent.com\/ca\/wp-json\/wp\/v2\/users\/2"}],"replies":[{"embeddable":true,"href":"https:\/\/www.adclofent.com\/ca\/wp-json\/wp\/v2\/comments?post=6396"}],"version-history":[{"count":1,"href":"https:\/\/www.adclofent.com\/ca\/wp-json\/wp\/v2\/posts\/6396\/revisions"}],"predecessor-version":[{"id":6397,"href":"https:\/\/www.adclofent.com\/ca\/wp-json\/wp\/v2\/posts\/6396\/revisions\/6397"}],"wp:featuredmedia":[{"embeddable":true,"href":"https:\/\/www.adclofent.com\/ca\/wp-json\/wp\/v2\/media\/6391"}],"wp:attachment":[{"href":"https:\/\/www.adclofent.com\/ca\/wp-json\/wp\/v2\/media?parent=6396"}],"wp:term":[{"taxonomy":"category","embeddable":true,"href":"https:\/\/www.adclofent.com\/ca\/wp-json\/wp\/v2\/categories?post=6396"},{"taxonomy":"post_tag","embeddable":true,"href":"https:\/\/www.adclofent.com\/ca\/wp-json\/wp\/v2\/tags?post=6396"}],"curies":[{"name":"wp","href":"https:\/\/api.w.org\/{rel}","templated":true}]}}